{"id":1234,"date":"2025-07-21T10:22:08","date_gmt":"2025-07-21T08:22:08","guid":{"rendered":"https:\/\/www.cv-albeitar.com\/?p=1234"},"modified":"2025-07-21T10:23:48","modified_gmt":"2025-07-21T08:23:48","slug":"que-es-la-medicina-veterinaria-integrativa-y-por-que-apostamos-por-ella","status":"publish","type":"post","link":"https:\/\/www.cv-albeitar.com\/en\/que-es-la-medicina-veterinaria-integrativa-y-por-que-apostamos-por-ella\/","title":{"rendered":"What is integrative veterinary medicine and why do we believe in it?"},"content":{"rendered":"<p data-pm-slice=\"1 1 []\">At Alb\u00e9itar, we believe that the health of dogs and cats is not just about curing illnesses, but about providing comprehensive care throughout their lives. That&#039;s why we practice what is known as <strong>integrative veterinary medicine<\/strong>.<\/p>\n<p>What does this mean? We combine conventional medicine with natural therapies whenever possible and makes sense. This includes everything from the use of medications when necessary to dietary changes, the use of herbal medicine, and therapeutic laser therapy, always with professional judgment.<\/p>\n<p>Integrative medicine allows us to tailor each treatment to the patient&#039;s actual needs, avoiding unnecessary interventions and promoting a recovery that is respectful of the patient&#039;s body and emotional well-being.<\/p>\n<p>These are not &quot;alternatives&quot; without scientific basis, but rather complementary approaches that improve our patients&#039; quality of life. Because each animal is unique and deserves care tailored to its needs.<\/p>","protected":false},"excerpt":{"rendered":"<p>En Alb\u00e9itar creemos que la salud de perros y gatos no se basa solo en curar enfermedades, sino en acompa\u00f1arlos de forma integral durante toda su vida. Por eso practicamos lo que se conoce como medicina veterinaria integrativa. \u00bfQu\u00e9 significa esto? Que combinamos la medicina convencional con terapias naturales cuando es posible y tiene sentido. [&hellip;]<\/p>\n","protected":false},"author":1,"featured_media":1236,"comment_status":"closed","ping_status":"closed","sticky":false,"template":"","format":"standard","meta":{"site-sidebar-layout":"default","site-content-layout":"","ast-site-content-layout":"default","site-content-style":"default","site-sidebar-style":"default","ast-global-header-display":"","ast-banner-title-visibility":"","ast-main-header-display":"","ast-hfb-above-header-display":"","ast-hfb-below-header-display":"","ast-hfb-mobile-header-display":"","site-post-title":"","ast-breadcrumbs-content":"","ast-featured-img":"","footer-sml-layout":"","ast-disable-related-posts":"","theme-transparent-header-meta":"default","adv-header-id-meta":"","stick-header-meta":"default","header-above-stick-meta":"","header-main-stick-meta":"","header-below-stick-meta":"","astra-migrate-meta-layouts":"set","ast-page-background-enabled":"default","ast-page-background-meta":{"desktop":{"background-color":"","background-image":"","background-repeat":"repeat","background-position":"center center","background-size":"auto","background-attachment":"scroll","background-type":"","background-media":"","overlay-type":"","overlay-color":"","overlay-opacity":"","overlay-gradient":""},"tablet":{"background-color":"","background-image":"","background-repeat":"repeat","background-position":"center center","background-size":"auto","background-attachment":"scroll","background-type":"","background-media":"","overlay-type":"","overlay-color":"","overlay-opacity":"","overlay-gradient":""},"mobile":{"background-color":"","background-image":"","background-repeat":"repeat","background-position":"center center","background-size":"auto","background-attachment":"scroll","background-type":"","background-media":"","overlay-type":"","overlay-color":"","overlay-opacity":"","overlay-gradient":""}},"ast-content-background-meta":{"desktop":{"background-color":"var(--ast-global-color-5)","background-image":"","background-repeat":"repeat","background-position":"center center","background-size":"auto","background-attachment":"scroll","background-type":"","background-media":"","overlay-type":"","overlay-color":"","overlay-opacity":"","overlay-gradient":""},"tablet":{"background-color":"var(--ast-global-color-5)","background-image":"","background-repeat":"repeat","background-position":"center center","background-size":"auto","background-attachment":"scroll","background-type":"","background-media":"","overlay-type":"","overlay-color":"","overlay-opacity":"","overlay-gradient":""},"mobile":{"background-color":"var(--ast-global-color-5)","background-image":"","background-repeat":"repeat","background-position":"center center","background-size":"auto","background-attachment":"scroll","background-type":"","background-media":"","overlay-type":"","overlay-color":"","overlay-opacity":"","overlay-gradient":""}},"_joinchat":[],"footnotes":""},"categories":[33],"tags":[],"class_list":["post-1234","post","type-post","status-publish","format-standard","has-post-thumbnail","hentry","category-filosofia"],"yoast_head":"<!-- This site is optimized with the Yoast SEO plugin v27.4 - https:\/\/yoast.com\/product\/yoast-seo-wordpress\/ -->\n<title>\u00bfQu\u00e9 es la medicina veterinaria integrativa y por qu\u00e9 apostamos por ella? - Cl\u00ednica Veterinaria Alb\u00e9itar-Ibi<\/title>\n<meta name=\"description\" content=\"En Alb\u00e9itar creemos que la salud de perros y gatos no se basa solo en curar enfermedades, sino en acompa\u00f1arlos de forma integral durante toda su vida. Por\" \/>\n<meta name=\"robots\" content=\"index, follow, max-snippet:-1, max-image-preview:large, max-video-preview:-1\" \/>\n<link rel=\"canonical\" href=\"https:\/\/www.cv-albeitar.com\/en\/que-es-la-medicina-veterinaria-integrativa-y-por-que-apostamos-por-ella\/\" \/>\n<meta property=\"og:locale\" content=\"en_US\" \/>\n<meta property=\"og:type\" content=\"article\" \/>\n<meta property=\"og:title\" content=\"\u00bfQu\u00e9 es la medicina veterinaria integrativa y por qu\u00e9 apostamos por ella? - Cl\u00ednica Veterinaria Alb\u00e9itar-Ibi\" \/>\n<meta property=\"og:description\" content=\"En Alb\u00e9itar creemos que la salud de perros y gatos no se basa solo en curar enfermedades, sino en acompa\u00f1arlos de forma integral durante toda su vida. Por\" \/>\n<meta property=\"og:url\" content=\"https:\/\/www.cv-albeitar.com\/en\/que-es-la-medicina-veterinaria-integrativa-y-por-que-apostamos-por-ella\/\" \/>\n<meta property=\"og:site_name\" content=\"Cl\u00ednica Veterinaria Alb\u00e9itar-Ibi\" \/>\n<meta property=\"article:publisher\" content=\"https:\/\/www.facebook.com\/ClinicaVeterinariaAlbeitarIbi\/\" \/>\n<meta property=\"article:published_time\" content=\"2025-07-21T08:22:08+00:00\" \/>\n<meta property=\"article:modified_time\" content=\"2025-07-21T08:23:48+00:00\" \/>\n<meta property=\"og:image\" content=\"https:\/\/www.cv-albeitar.com\/wp-content\/uploads\/2025\/07\/close-up-of-a-dog-with-a-collar-standing-in-a-forest-with-a-blurred-background-.jpg\" \/>\n\t<meta property=\"og:image:width\" content=\"2000\" \/>\n\t<meta property=\"og:image:height\" content=\"1333\" \/>\n\t<meta property=\"og:image:type\" content=\"image\/jpeg\" \/>\n<meta name=\"author\" content=\"doominio\" \/>\n<meta name=\"twitter:card\" content=\"summary_large_image\" \/>\n<script type=\"application\/ld+json\" class=\"yoast-schema-graph\">{\"@context\":\"https:\\\/\\\/schema.org\",\"@graph\":[{\"@type\":\"Article\",\"@id\":\"https:\\\/\\\/www.cv-albeitar.com\\\/que-es-la-medicina-veterinaria-integrativa-y-por-que-apostamos-por-ella\\\/#article\",\"isPartOf\":{\"@id\":\"https:\\\/\\\/www.cv-albeitar.com\\\/que-es-la-medicina-veterinaria-integrativa-y-por-que-apostamos-por-ella\\\/\"},\"author\":{\"name\":\"doominio\",\"@id\":\"https:\\\/\\\/www.cv-albeitar.com\\\/#\\\/schema\\\/person\\\/6ee60897fbb7fb4ad6634c73f4be87fa\"},\"headline\":\"\u00bfQu\u00e9 es la medicina veterinaria integrativa y por qu\u00e9 apostamos por ella?\",\"datePublished\":\"2025-07-21T08:22:08+00:00\",\"dateModified\":\"2025-07-21T08:23:48+00:00\",\"mainEntityOfPage\":{\"@id\":\"https:\\\/\\\/www.cv-albeitar.com\\\/que-es-la-medicina-veterinaria-integrativa-y-por-que-apostamos-por-ella\\\/\"},\"wordCount\":165,\"publisher\":{\"@id\":\"https:\\\/\\\/www.cv-albeitar.com\\\/#organization\"},\"image\":{\"@id\":\"https:\\\/\\\/www.cv-albeitar.com\\\/que-es-la-medicina-veterinaria-integrativa-y-por-que-apostamos-por-ella\\\/#primaryimage\"},\"thumbnailUrl\":\"https:\\\/\\\/www.cv-albeitar.com\\\/wp-content\\\/uploads\\\/2025\\\/07\\\/close-up-of-a-dog-with-a-collar-standing-in-a-forest-with-a-blurred-background-.jpg\",\"articleSection\":[\"Filosof\u00eda\"],\"inLanguage\":\"en-US\"},{\"@type\":\"WebPage\",\"@id\":\"https:\\\/\\\/www.cv-albeitar.com\\\/que-es-la-medicina-veterinaria-integrativa-y-por-que-apostamos-por-ella\\\/\",\"url\":\"https:\\\/\\\/www.cv-albeitar.com\\\/que-es-la-medicina-veterinaria-integrativa-y-por-que-apostamos-por-ella\\\/\",\"name\":\"\u00bfQu\u00e9 es la medicina veterinaria integrativa y por qu\u00e9 apostamos por ella? - Cl\u00ednica Veterinaria Alb\u00e9itar-Ibi\",\"isPartOf\":{\"@id\":\"https:\\\/\\\/www.cv-albeitar.com\\\/#website\"},\"primaryImageOfPage\":{\"@id\":\"https:\\\/\\\/www.cv-albeitar.com\\\/que-es-la-medicina-veterinaria-integrativa-y-por-que-apostamos-por-ella\\\/#primaryimage\"},\"image\":{\"@id\":\"https:\\\/\\\/www.cv-albeitar.com\\\/que-es-la-medicina-veterinaria-integrativa-y-por-que-apostamos-por-ella\\\/#primaryimage\"},\"thumbnailUrl\":\"https:\\\/\\\/www.cv-albeitar.com\\\/wp-content\\\/uploads\\\/2025\\\/07\\\/close-up-of-a-dog-with-a-collar-standing-in-a-forest-with-a-blurred-background-.jpg\",\"datePublished\":\"2025-07-21T08:22:08+00:00\",\"dateModified\":\"2025-07-21T08:23:48+00:00\",\"description\":\"En Alb\u00e9itar creemos que la salud de perros y gatos no se basa solo en curar enfermedades, sino en acompa\u00f1arlos de forma integral durante toda su vida. Por\",\"breadcrumb\":{\"@id\":\"https:\\\/\\\/www.cv-albeitar.com\\\/que-es-la-medicina-veterinaria-integrativa-y-por-que-apostamos-por-ella\\\/#breadcrumb\"},\"inLanguage\":\"en-US\",\"potentialAction\":[{\"@type\":\"ReadAction\",\"target\":[\"https:\\\/\\\/www.cv-albeitar.com\\\/que-es-la-medicina-veterinaria-integrativa-y-por-que-apostamos-por-ella\\\/\"]}]},{\"@type\":\"ImageObject\",\"inLanguage\":\"en-US\",\"@id\":\"https:\\\/\\\/www.cv-albeitar.com\\\/que-es-la-medicina-veterinaria-integrativa-y-por-que-apostamos-por-ella\\\/#primaryimage\",\"url\":\"https:\\\/\\\/www.cv-albeitar.com\\\/wp-content\\\/uploads\\\/2025\\\/07\\\/close-up-of-a-dog-with-a-collar-standing-in-a-forest-with-a-blurred-background-.jpg\",\"contentUrl\":\"https:\\\/\\\/www.cv-albeitar.com\\\/wp-content\\\/uploads\\\/2025\\\/07\\\/close-up-of-a-dog-with-a-collar-standing-in-a-forest-with-a-blurred-background-.jpg\",\"width\":1920,\"height\":1280,\"caption\":\"Perro con collar\"},{\"@type\":\"BreadcrumbList\",\"@id\":\"https:\\\/\\\/www.cv-albeitar.com\\\/que-es-la-medicina-veterinaria-integrativa-y-por-que-apostamos-por-ella\\\/#breadcrumb\",\"itemListElement\":[{\"@type\":\"ListItem\",\"position\":1,\"name\":\"Inicio\",\"item\":\"https:\\\/\\\/www.cv-albeitar.com\\\/\"},{\"@type\":\"ListItem\",\"position\":2,\"name\":\"\u00bfQu\u00e9 es la medicina veterinaria integrativa y por qu\u00e9 apostamos por ella?\"}]},{\"@type\":\"WebSite\",\"@id\":\"https:\\\/\\\/www.cv-albeitar.com\\\/#website\",\"url\":\"https:\\\/\\\/www.cv-albeitar.com\\\/\",\"name\":\"Cl\u00ednica Veterinaria Alb\u00e9itar-Ibi\",\"description\":\"Nos preocupamos y cuidamos de tu mascota casi tanto como t\u00fa\",\"publisher\":{\"@id\":\"https:\\\/\\\/www.cv-albeitar.com\\\/#organization\"},\"potentialAction\":[{\"@type\":\"SearchAction\",\"target\":{\"@type\":\"EntryPoint\",\"urlTemplate\":\"https:\\\/\\\/www.cv-albeitar.com\\\/?s={search_term_string}\"},\"query-input\":{\"@type\":\"PropertyValueSpecification\",\"valueRequired\":true,\"valueName\":\"search_term_string\"}}],\"inLanguage\":\"en-US\"},{\"@type\":\"Organization\",\"@id\":\"https:\\\/\\\/www.cv-albeitar.com\\\/#organization\",\"name\":\"Cl\u00ednica Veterinaria Alb\u00e9itar-Ibi\",\"url\":\"https:\\\/\\\/www.cv-albeitar.com\\\/\",\"logo\":{\"@type\":\"ImageObject\",\"inLanguage\":\"en-US\",\"@id\":\"https:\\\/\\\/www.cv-albeitar.com\\\/#\\\/schema\\\/logo\\\/image\\\/\",\"url\":\"https:\\\/\\\/www.cv-albeitar.com\\\/wp-content\\\/uploads\\\/2025\\\/07\\\/logo-scaled.png\",\"contentUrl\":\"https:\\\/\\\/www.cv-albeitar.com\\\/wp-content\\\/uploads\\\/2025\\\/07\\\/logo-scaled.png\",\"width\":1920,\"height\":1920,\"caption\":\"Cl\u00ednica Veterinaria Alb\u00e9itar-Ibi\"},\"image\":{\"@id\":\"https:\\\/\\\/www.cv-albeitar.com\\\/#\\\/schema\\\/logo\\\/image\\\/\"},\"sameAs\":[\"https:\\\/\\\/www.facebook.com\\\/ClinicaVeterinariaAlbeitarIbi\\\/\",\"https:\\\/\\\/www.instagram.com\\\/clinicaveterinariaalbeitaribi\\\/\"]},{\"@type\":\"Person\",\"@id\":\"https:\\\/\\\/www.cv-albeitar.com\\\/#\\\/schema\\\/person\\\/6ee60897fbb7fb4ad6634c73f4be87fa\",\"name\":\"doominio\",\"sameAs\":[\"https:\\\/\\\/www.cv-albeitar.com\"]}]}<\/script>\n<!-- \/ Yoast SEO plugin. -->","yoast_head_json":{"title":"What is integrative veterinary medicine and why do we believe in it? - Alb\u00e9itar-Ibi Veterinary Clinic","description":"At Alb\u00e9itar, we believe that the health of dogs and cats is not just about curing illnesses, but about providing them with comprehensive support throughout their lives.","robots":{"index":"index","follow":"follow","max-snippet":"max-snippet:-1","max-image-preview":"max-image-preview:large","max-video-preview":"max-video-preview:-1"},"canonical":"https:\/\/www.cv-albeitar.com\/en\/que-es-la-medicina-veterinaria-integrativa-y-por-que-apostamos-por-ella\/","og_locale":"en_US","og_type":"article","og_title":"\u00bfQu\u00e9 es la medicina veterinaria integrativa y por qu\u00e9 apostamos por ella? - Cl\u00ednica Veterinaria Alb\u00e9itar-Ibi","og_description":"En Alb\u00e9itar creemos que la salud de perros y gatos no se basa solo en curar enfermedades, sino en acompa\u00f1arlos de forma integral durante toda su vida. Por","og_url":"https:\/\/www.cv-albeitar.com\/en\/que-es-la-medicina-veterinaria-integrativa-y-por-que-apostamos-por-ella\/","og_site_name":"Cl\u00ednica Veterinaria Alb\u00e9itar-Ibi","article_publisher":"https:\/\/www.facebook.com\/ClinicaVeterinariaAlbeitarIbi\/","article_published_time":"2025-07-21T08:22:08+00:00","article_modified_time":"2025-07-21T08:23:48+00:00","og_image":[{"width":2000,"height":1333,"url":"https:\/\/www.cv-albeitar.com\/wp-content\/uploads\/2025\/07\/close-up-of-a-dog-with-a-collar-standing-in-a-forest-with-a-blurred-background-.jpg","type":"image\/jpeg"}],"author":"doominio","twitter_card":"summary_large_image","schema":{"@context":"https:\/\/schema.org","@graph":[{"@type":"Article","@id":"https:\/\/www.cv-albeitar.com\/que-es-la-medicina-veterinaria-integrativa-y-por-que-apostamos-por-ella\/#article","isPartOf":{"@id":"https:\/\/www.cv-albeitar.com\/que-es-la-medicina-veterinaria-integrativa-y-por-que-apostamos-por-ella\/"},"author":{"name":"doominio","@id":"https:\/\/www.cv-albeitar.com\/#\/schema\/person\/6ee60897fbb7fb4ad6634c73f4be87fa"},"headline":"\u00bfQu\u00e9 es la medicina veterinaria integrativa y por qu\u00e9 apostamos por ella?","datePublished":"2025-07-21T08:22:08+00:00","dateModified":"2025-07-21T08:23:48+00:00","mainEntityOfPage":{"@id":"https:\/\/www.cv-albeitar.com\/que-es-la-medicina-veterinaria-integrativa-y-por-que-apostamos-por-ella\/"},"wordCount":165,"publisher":{"@id":"https:\/\/www.cv-albeitar.com\/#organization"},"image":{"@id":"https:\/\/www.cv-albeitar.com\/que-es-la-medicina-veterinaria-integrativa-y-por-que-apostamos-por-ella\/#primaryimage"},"thumbnailUrl":"https:\/\/www.cv-albeitar.com\/wp-content\/uploads\/2025\/07\/close-up-of-a-dog-with-a-collar-standing-in-a-forest-with-a-blurred-background-.jpg","articleSection":["Filosof\u00eda"],"inLanguage":"en-US"},{"@type":"WebPage","@id":"https:\/\/www.cv-albeitar.com\/que-es-la-medicina-veterinaria-integrativa-y-por-que-apostamos-por-ella\/","url":"https:\/\/www.cv-albeitar.com\/que-es-la-medicina-veterinaria-integrativa-y-por-que-apostamos-por-ella\/","name":"What is integrative veterinary medicine and why do we believe in it? - Alb\u00e9itar-Ibi Veterinary Clinic","isPartOf":{"@id":"https:\/\/www.cv-albeitar.com\/#website"},"primaryImageOfPage":{"@id":"https:\/\/www.cv-albeitar.com\/que-es-la-medicina-veterinaria-integrativa-y-por-que-apostamos-por-ella\/#primaryimage"},"image":{"@id":"https:\/\/www.cv-albeitar.com\/que-es-la-medicina-veterinaria-integrativa-y-por-que-apostamos-por-ella\/#primaryimage"},"thumbnailUrl":"https:\/\/www.cv-albeitar.com\/wp-content\/uploads\/2025\/07\/close-up-of-a-dog-with-a-collar-standing-in-a-forest-with-a-blurred-background-.jpg","datePublished":"2025-07-21T08:22:08+00:00","dateModified":"2025-07-21T08:23:48+00:00","description":"At Alb\u00e9itar, we believe that the health of dogs and cats is not just about curing illnesses, but about providing them with comprehensive support throughout their lives.","breadcrumb":{"@id":"https:\/\/www.cv-albeitar.com\/que-es-la-medicina-veterinaria-integrativa-y-por-que-apostamos-por-ella\/#breadcrumb"},"inLanguage":"en-US","potentialAction":[{"@type":"ReadAction","target":["https:\/\/www.cv-albeitar.com\/que-es-la-medicina-veterinaria-integrativa-y-por-que-apostamos-por-ella\/"]}]},{"@type":"ImageObject","inLanguage":"en-US","@id":"https:\/\/www.cv-albeitar.com\/que-es-la-medicina-veterinaria-integrativa-y-por-que-apostamos-por-ella\/#primaryimage","url":"https:\/\/www.cv-albeitar.com\/wp-content\/uploads\/2025\/07\/close-up-of-a-dog-with-a-collar-standing-in-a-forest-with-a-blurred-background-.jpg","contentUrl":"https:\/\/www.cv-albeitar.com\/wp-content\/uploads\/2025\/07\/close-up-of-a-dog-with-a-collar-standing-in-a-forest-with-a-blurred-background-.jpg","width":1920,"height":1280,"caption":"Perro con collar"},{"@type":"BreadcrumbList","@id":"https:\/\/www.cv-albeitar.com\/que-es-la-medicina-veterinaria-integrativa-y-por-que-apostamos-por-ella\/#breadcrumb","itemListElement":[{"@type":"ListItem","position":1,"name":"Inicio","item":"https:\/\/www.cv-albeitar.com\/"},{"@type":"ListItem","position":2,"name":"\u00bfQu\u00e9 es la medicina veterinaria integrativa y por qu\u00e9 apostamos por ella?"}]},{"@type":"WebSite","@id":"https:\/\/www.cv-albeitar.com\/#website","url":"https:\/\/www.cv-albeitar.com\/","name":"Alb\u00e9itar-Ibi Veterinary Clinic","description":"We care for your pet almost as much as you do.","publisher":{"@id":"https:\/\/www.cv-albeitar.com\/#organization"},"potentialAction":[{"@type":"SearchAction","target":{"@type":"EntryPoint","urlTemplate":"https:\/\/www.cv-albeitar.com\/?s={search_term_string}"},"query-input":{"@type":"PropertyValueSpecification","valueRequired":true,"valueName":"search_term_string"}}],"inLanguage":"en-US"},{"@type":"Organization","@id":"https:\/\/www.cv-albeitar.com\/#organization","name":"Alb\u00e9itar-Ibi Veterinary Clinic","url":"https:\/\/www.cv-albeitar.com\/","logo":{"@type":"ImageObject","inLanguage":"en-US","@id":"https:\/\/www.cv-albeitar.com\/#\/schema\/logo\/image\/","url":"https:\/\/www.cv-albeitar.com\/wp-content\/uploads\/2025\/07\/logo-scaled.png","contentUrl":"https:\/\/www.cv-albeitar.com\/wp-content\/uploads\/2025\/07\/logo-scaled.png","width":1920,"height":1920,"caption":"Cl\u00ednica Veterinaria Alb\u00e9itar-Ibi"},"image":{"@id":"https:\/\/www.cv-albeitar.com\/#\/schema\/logo\/image\/"},"sameAs":["https:\/\/www.facebook.com\/ClinicaVeterinariaAlbeitarIbi\/","https:\/\/www.instagram.com\/clinicaveterinariaalbeitaribi\/"]},{"@type":"Person","@id":"https:\/\/www.cv-albeitar.com\/#\/schema\/person\/6ee60897fbb7fb4ad6634c73f4be87fa","name":"domain","sameAs":["https:\/\/www.cv-albeitar.com"]}]}},"_links":{"self":[{"href":"https:\/\/www.cv-albeitar.com\/en\/wp-json\/wp\/v2\/posts\/1234","targetHints":{"allow":["GET"]}}],"collection":[{"href":"https:\/\/www.cv-albeitar.com\/en\/wp-json\/wp\/v2\/posts"}],"about":[{"href":"https:\/\/www.cv-albeitar.com\/en\/wp-json\/wp\/v2\/types\/post"}],"author":[{"embeddable":true,"href":"https:\/\/www.cv-albeitar.com\/en\/wp-json\/wp\/v2\/users\/1"}],"replies":[{"embeddable":true,"href":"https:\/\/www.cv-albeitar.com\/en\/wp-json\/wp\/v2\/comments?post=1234"}],"version-history":[{"count":1,"href":"https:\/\/www.cv-albeitar.com\/en\/wp-json\/wp\/v2\/posts\/1234\/revisions"}],"predecessor-version":[{"id":1235,"href":"https:\/\/www.cv-albeitar.com\/en\/wp-json\/wp\/v2\/posts\/1234\/revisions\/1235"}],"wp:featuredmedia":[{"embeddable":true,"href":"https:\/\/www.cv-albeitar.com\/en\/wp-json\/wp\/v2\/media\/1236"}],"wp:attachment":[{"href":"https:\/\/www.cv-albeitar.com\/en\/wp-json\/wp\/v2\/media?parent=1234"}],"wp:term":[{"taxonomy":"category","embeddable":true,"href":"https:\/\/www.cv-albeitar.com\/en\/wp-json\/wp\/v2\/categories?post=1234"},{"taxonomy":"post_tag","embeddable":true,"href":"https:\/\/www.cv-albeitar.com\/en\/wp-json\/wp\/v2\/tags?post=1234"}],"curies":[{"name":"wp","href":"https:\/\/api.w.org\/{rel}","templated":true}]}}